{"id":29,"date":"2023-05-02T20:58:49","date_gmt":"2023-05-02T20:58:49","guid":{"rendered":"http:\/\/www.gajewscyarchitekci.pl\/blog\/?p=29"},"modified":"2023-05-02T20:58:49","modified_gmt":"2023-05-02T20:58:49","slug":"swiadectwo-charakterystyki-energetycznej-audyt-energetyczny","status":"publish","type":"post","link":"https:\/\/www.gajewscyarchitekci.pl\/blog\/?p=29","title":{"rendered":"\u015awiadectwo charakterystyki energetycznej \/ Audyt energetyczny"},"content":{"rendered":"\n<p>Je\u017celi potrzebujesz specjalisty, kt\u00f3ry w\u0142a\u015bciwie sporz\u0105dzi \u015bwiadectwo charakterystyki energetycznej lub audyt energetyczny &#8211; to jeste\u015bmy firm\u0105 kt\u00f3rej szukasz! <\/p>\n\n\n\n<p>Przeprowadzamy pomiary, analizy, a w przypadku braku proj. technicznego budynku jeste\u015bmy w stanie sporz\u0105dzi\u0107 dokumentacj\u0119 powykonawcz\u0105, niezb\u0119dn\u0105 do wykonania wy\u017cej wymienionych opracowa\u0144. Dzia\u0142amy kompleksowo, naszym celem jest pomoc klientowi w zminimalizowaniu koszt\u00f3w eksploatacyjnych budynku. <\/p>\n\n\n\n<p>Zapraszamy do wsp\u00f3\u0142pracy.<\/p>\n\n\n\n<p><\/p>\n\n\n\n<p><\/p>\n","protected":false},"excerpt":{"rendered":"<p>Je\u017celi potrzebujesz specjalisty, kt\u00f3ry w\u0142a\u015bciwie sporz\u0105dzi \u015bwiadectwo charakterystyki energetycznej lub audyt energetyczny &#8211; to jeste\u015bmy firm\u0105 kt\u00f3rej szukasz! Przeprowadzamy pomiary, analizy, a w przypadku braku proj. technicznego budynku jeste\u015bmy w stanie sporz\u0105dzi\u0107 dokumentacj\u0119 powykonawcz\u0105, niezb\u0119dn\u0105 do wykonania wy\u017cej wymienionych opracowa\u0144. Dzia\u0142amy kompleksowo, naszym celem jest pomoc klientowi w zminimalizowaniu koszt\u00f3w eksploatacyjnych budynku. Zapraszamy do wsp\u00f3\u0142pracy.<\/p>\n","protected":false},"author":1,"featured_media":31,"comment_status":"open","ping_status":"open","sticky":false,"template":"","format":"standard","meta":[],"categories":[1],"tags":[10,8,9,11],"_links":{"self":[{"href":"https:\/\/www.gajewscyarchitekci.pl\/blog\/index.php?rest_route=\/wp\/v2\/posts\/29"}],"collection":[{"href":"https:\/\/www.gajewscyarchitekci.pl\/blog\/index.php?rest_route=\/wp\/v2\/posts"}],"about":[{"href":"https:\/\/www.gajewscyarchitekci.pl\/blog\/index.php?rest_route=\/wp\/v2\/types\/post"}],"author":[{"embeddable":true,"href":"https:\/\/www.gajewscyarchitekci.pl\/blog\/index.php?rest_route=\/wp\/v2\/users\/1"}],"replies":[{"embeddable":true,"href":"https:\/\/www.gajewscyarchitekci.pl\/blog\/index.php?rest_route=%2Fwp%2Fv2%2Fcomments&post=29"}],"version-history":[{"count":3,"href":"https:\/\/www.gajewscyarchitekci.pl\/blog\/index.php?rest_route=\/wp\/v2\/posts\/29\/revisions"}],"predecessor-version":[{"id":33,"href":"https:\/\/www.gajewscyarchitekci.pl\/blog\/index.php?rest_route=\/wp\/v2\/posts\/29\/revisions\/33"}],"wp:featuredmedia":[{"embeddable":true,"href":"https:\/\/www.gajewscyarchitekci.pl\/blog\/index.php?rest_route=\/wp\/v2\/media\/31"}],"wp:attachment":[{"href":"https:\/\/www.gajewscyarchitekci.pl\/blog\/index.php?rest_route=%2Fwp%2Fv2%2Fmedia&parent=29"}],"wp:term":[{"taxonomy":"category","embeddable":true,"href":"https:\/\/www.gajewscyarchitekci.pl\/blog\/index.php?rest_route=%2Fwp%2Fv2%2Fcategories&post=29"},{"taxonomy":"post_tag","embeddable":true,"href":"https:\/\/www.gajewscyarchitekci.pl\/blog\/index.php?rest_route=%2Fwp%2Fv2%2Ftags&post=29"}],"curies":[{"name":"wp","href":"https:\/\/api.w.org\/{rel}","templated":true}]}}